{"id":1195,"date":"2015-07-11T09:24:27","date_gmt":"2015-07-11T09:24:27","guid":{"rendered":"http:\/\/www.portverd.com\/?p=1195"},"modified":"2015-07-11T09:24:27","modified_gmt":"2015-07-11T09:24:27","slug":"se-alquila-apartamento-con-impresionantes-vistas-al-mar-en-port-verd","status":"publish","type":"post","link":"https:\/\/portverd.com\/es\/se-alquila-apartamento-con-impresionantes-vistas-al-mar-en-port-verd\/","title":{"rendered":"Se alquila Apartamento con impresionantes vistas al mar en Port Verd"},"content":{"rendered":"<div class=\"lazysocialbuttons\" data-float=\"left\" data-buttons=\"google,twitter,facebook\" data-twshareurl=\"https:\/\/portverd.com\/es\/se-alquila-apartamento-con-impresionantes-vistas-al-mar-en-port-verd\/\" data-twtext=\"\" data-shareurl=\"https:\/\/portverd.com\/es\/se-alquila-apartamento-con-impresionantes-vistas-al-mar-en-port-verd\/\" data-fbhideflyout=\"false\" data-backgroundtype=\"light\"><\/div><div id=\"panel-425-0-0-1\" class=\"so-panel widget widget_black-studio-tinymce\">\n<div class=\"textwidget\">\n<p class=\"margin\">Apartamento situado en la primera planta del edificio, con acceso tanto con escala como en ascensor, incluso desde la planta de aparcamiento.<\/p>\n<p class=\"margin\">La vivienda tiene unos 127 m2, repartidos en 2 dormitorios y 2 ba\u00f1os con ba\u00f1era (1 en suite) y una espaciosa sala-comedor con cocina abierta con unas amplias ventanas con maravillosas vistas sobre la piscina, el azul del mar y toda la bah\u00eda . Tiene tambi\u00e9n una fant\u00e1stica terraza-balc\u00f3n sobre el mar que permite disfrutar de la privilegiada situaci\u00f3n de la vivienda y disfrutar de unos magn\u00edficos momentos de relax.<\/p>\n<p class=\"margin\">El apartamento se alquila sin amueblar, y tiene las primeras calidades y comodidades. Cuenta con todos los electrodom\u00e9sticos necesarios: cocina, horno, microondas, nevera, congelador, lavadora-secadora &#8230; Conexi\u00f3n de televisi\u00f3n por sat\u00e9lite en todas las habitaciones. Tiene tambi\u00e9n bomba de aire fr\u00edo y caliente en todas las habitaciones y doble cristal, adem\u00e1s de persianas en toda la zona de noche.<\/p>\n<p class=\"margin\">Apartamentos Club Port Verd: Apartamentos en alquiler de larga temporada en Port Verd (Mallorca). Apartamentos con piscina comunitaria y acceso directo al mar y espectaculares vistas al mar.<a href=\"https:\/\/www.portverd.com\/wp-content\/uploads\/2015\/05\/1.jpg\"><img loading=\"lazy\" decoding=\"async\" class=\"aligncenter size-full wp-image-1174\" src=\"https:\/\/www.portverd.com\/wp-content\/uploads\/2015\/05\/1.jpg\" alt=\"1\" width=\"1021\" height=\"766\" srcset=\"https:\/\/portverd.com\/wp-content\/uploads\/2015\/05\/1.jpg 1021w, https:\/\/portverd.com\/wp-content\/uploads\/2015\/05\/1-300x225.jpg 300w\" sizes=\"auto, (max-width: 1021px) 100vw, 1021px\" \/><\/a><\/p>\n<\/div>\n<\/div>\n","protected":false},"excerpt":{"rendered":"<p>Apartamento situado en la primera planta del edificio, con acceso tanto con escala como en ascensor, incluso desde la planta de aparcamiento. La vivienda tiene unos 127 m2, repartidos en 2 dormitorios y 2 ba\u00f1os con ba\u00f1era (1 en suite) y una espaciosa sala-comedor con cocina abierta con unas amplias ventanas con maravillosas vistas sobre &#8230;<\/p>\n","protected":false},"author":1,"featured_media":0,"comment_status":"open","ping_status":"open","sticky":false,"template":"","format":"standard","meta":{"footnotes":""},"categories":[1],"tags":[],"class_list":["post-1195","post","type-post","status-publish","format-standard","hentry","category-sin-categoria"],"_links":{"self":[{"href":"https:\/\/portverd.com\/es\/wp-json\/wp\/v2\/posts\/1195","targetHints":{"allow":["GET"]}}],"collection":[{"href":"https:\/\/portverd.com\/es\/wp-json\/wp\/v2\/posts"}],"about":[{"href":"https:\/\/portverd.com\/es\/wp-json\/wp\/v2\/types\/post"}],"author":[{"embeddable":true,"href":"https:\/\/portverd.com\/es\/wp-json\/wp\/v2\/users\/1"}],"replies":[{"embeddable":true,"href":"https:\/\/portverd.com\/es\/wp-json\/wp\/v2\/comments?post=1195"}],"version-history":[{"count":1,"href":"https:\/\/portverd.com\/es\/wp-json\/wp\/v2\/posts\/1195\/revisions"}],"predecessor-version":[{"id":1196,"href":"https:\/\/portverd.com\/es\/wp-json\/wp\/v2\/posts\/1195\/revisions\/1196"}],"wp:attachment":[{"href":"https:\/\/portverd.com\/es\/wp-json\/wp\/v2\/media?parent=1195"}],"wp:term":[{"taxonomy":"category","embeddable":true,"href":"https:\/\/portverd.com\/es\/wp-json\/wp\/v2\/categories?post=1195"},{"taxonomy":"post_tag","embeddable":true,"href":"https:\/\/portverd.com\/es\/wp-json\/wp\/v2\/tags?post=1195"}],"curies":[{"name":"wp","href":"https:\/\/api.w.org\/{rel}","templated":true}]}}