{"id":1096,"date":"2015-02-18T10:45:40","date_gmt":"2015-02-18T10:45:40","guid":{"rendered":"http:\/\/www.portverd.com\/?p=1096"},"modified":"2015-02-18T11:20:37","modified_gmt":"2015-02-18T11:20:37","slug":"atico-en-alquiler-de-larga-temporada-en-port-verd-mallorca","status":"publish","type":"post","link":"https:\/\/portverd.com\/es\/atico-en-alquiler-de-larga-temporada-en-port-verd-mallorca\/","title":{"rendered":"\u00c1tico en alquiler de larga temporada en Port Verd. Mallorca."},"content":{"rendered":"<div class=\"lazysocialbuttons\" data-float=\"left\" data-buttons=\"google,twitter,facebook\" data-twshareurl=\"https:\/\/portverd.com\/es\/atico-en-alquiler-de-larga-temporada-en-port-verd-mallorca\/\" data-twtext=\"\" data-shareurl=\"https:\/\/portverd.com\/es\/atico-en-alquiler-de-larga-temporada-en-port-verd-mallorca\/\" data-fbhideflyout=\"false\" data-backgroundtype=\"light\"><\/div><div id=\"panel-341-0-0-1\" class=\"panel widget widget_black-studio-tinymce\">\n<div class=\"textwidget\">\n<p class=\"margin\">Apartamento d\u00faplex situado en la planta \u00e1tico del edificio, con acceso tanto con escala como en ascensor, incluso desde la planta de aparcamiento.<\/p>\n<p class=\"margin\">La vivienda tiene unos 200 m2, repartidos en 3 dormitorios y 3 ba\u00f1os con ducha en suite y una amplia sala-comedor con cocina abierta y unas amplias ventanas balcones con maravillosas vistas sobre el azul del mar y toda la bah\u00eda.<\/p>\n<p class=\"margin\">En la planta \u00e1tico cuenta con una maravillosa terraza de m\u00e1s de 100 m2 que rodea el apartamento y desde la que se accede a la planta solarium superior, donde se encuentra una enorme terraza de m\u00e1s de 150 m2 y una magn\u00edfica caseta de usos m\u00faltiples y donde se puede disfrutar y tocar el cielo con los dedos, como si uno se encontrara en un barco en medio del mar.<\/p>\n<p class=\"margin\">El apartamento se alquila sin amueblar, y tiene las primeras calidades y comodidades. Cuenta con todos los electrodom\u00e9sticos necesarios: cocina, horno, microondas, nevera, congelador, lavadora-secadora. Conexi\u00f3n de televisi\u00f3n por sat\u00e9lite en todas las habitaciones. Tiene tambi\u00e9n bomba de aire fr\u00edo y caliente en todas las habitaciones y doble cristal, adem\u00e1s de persianas en toda la zona de noche.<\/p>\n<p class=\"margin\">Apartamentos Club Port Verd: Apartamentos en alquiler de larga temporada en Port Verd (Mallorca). Apartamentos con piscina comunitaria y acceso directo al mar y espectaculares vistas al mar.<\/p>\n<p class=\"margin\">\n<blockquote class=\"wp-embedded-content\" data-secret=\"EYv7wIA3jr\"><p><a href=\"https:\/\/portverd.com\/travel\/apartamento-13\/\">DUPLEX PENTHOUSE<\/a><\/p><\/blockquote>\n<p><iframe loading=\"lazy\" title=\"&#8220;DUPLEX PENTHOUSE&#8221; &#8212; \" class=\"wp-embedded-content\" sandbox=\"allow-scripts\" security=\"restricted\" style=\"position: absolute; clip: rect(1px, 1px, 1px, 1px);\" src=\"https:\/\/portverd.com\/travel\/apartamento-13\/embed\/#?secret=EYv7wIA3jr\" data-secret=\"EYv7wIA3jr\" width=\"600\" height=\"338\" frameborder=\"0\" marginwidth=\"0\" marginheight=\"0\" scrolling=\"no\"><\/iframe><\/p>\n<div id=\"attachment_808\" style=\"width: 1034px\" class=\"wp-caption aligncenter\"><a href=\"https:\/\/www.portverd.com\/wp-content\/uploads\/2014\/07\/Club-Port-Verd-Penthouse-3.jpg\"><img loading=\"lazy\" decoding=\"async\" aria-describedby=\"caption-attachment-808\" class=\"size-large wp-image-808\" src=\"https:\/\/www.portverd.com\/wp-content\/uploads\/2014\/07\/Club-Port-Verd-Penthouse-3-1024x750.jpg\" alt=\"\u00c0tic en lloguer de llarga temporada Port Verd Mallorca\" width=\"1024\" height=\"750\" srcset=\"https:\/\/portverd.com\/wp-content\/uploads\/2014\/07\/Club-Port-Verd-Penthouse-3-1024x750.jpg 1024w, https:\/\/portverd.com\/wp-content\/uploads\/2014\/07\/Club-Port-Verd-Penthouse-3-300x219.jpg 300w, https:\/\/portverd.com\/wp-content\/uploads\/2014\/07\/Club-Port-Verd-Penthouse-3-1180x864.jpg 1180w\" sizes=\"auto, (max-width: 1024px) 100vw, 1024px\" \/><\/a><p id=\"caption-attachment-808\" class=\"wp-caption-text\">\u00c0tic en lloguer de llarga temporada Port Verd Mallorca<\/p><\/div>\n<\/div>\n<\/div>\n","protected":false},"excerpt":{"rendered":"<p>Apartamento d\u00faplex situado en la planta \u00e1tico del edificio, con acceso tanto con escala como en ascensor, incluso desde la planta de aparcamiento. La vivienda tiene unos 200 m2, repartidos en 3 dormitorios y 3 ba\u00f1os con ducha en suite y una amplia sala-comedor con cocina abierta y unas amplias ventanas balcones con maravillosas vistas &#8230;<\/p>\n","protected":false},"author":1,"featured_media":0,"comment_status":"open","ping_status":"open","sticky":false,"template":"","format":"standard","meta":{"footnotes":""},"categories":[109],"tags":[114],"class_list":["post-1096","post","type-post","status-publish","format-standard","hentry","category-apartamentos-disponibles","tag-apartamentos-en-primera-linea-de-mar-en-alquiler-de-larga-temporada-en-port-verd-mallorca"],"_links":{"self":[{"href":"https:\/\/portverd.com\/es\/wp-json\/wp\/v2\/posts\/1096","targetHints":{"allow":["GET"]}}],"collection":[{"href":"https:\/\/portverd.com\/es\/wp-json\/wp\/v2\/posts"}],"about":[{"href":"https:\/\/portverd.com\/es\/wp-json\/wp\/v2\/types\/post"}],"author":[{"embeddable":true,"href":"https:\/\/portverd.com\/es\/wp-json\/wp\/v2\/users\/1"}],"replies":[{"embeddable":true,"href":"https:\/\/portverd.com\/es\/wp-json\/wp\/v2\/comments?post=1096"}],"version-history":[{"count":1,"href":"https:\/\/portverd.com\/es\/wp-json\/wp\/v2\/posts\/1096\/revisions"}],"predecessor-version":[{"id":1097,"href":"https:\/\/portverd.com\/es\/wp-json\/wp\/v2\/posts\/1096\/revisions\/1097"}],"wp:attachment":[{"href":"https:\/\/portverd.com\/es\/wp-json\/wp\/v2\/media?parent=1096"}],"wp:term":[{"taxonomy":"category","embeddable":true,"href":"https:\/\/portverd.com\/es\/wp-json\/wp\/v2\/categories?post=1096"},{"taxonomy":"post_tag","embeddable":true,"href":"https:\/\/portverd.com\/es\/wp-json\/wp\/v2\/tags?post=1096"}],"curies":[{"name":"wp","href":"https:\/\/api.w.org\/{rel}","templated":true}]}}