{"id":1191,"date":"2015-07-11T09:19:50","date_gmt":"2015-07-11T09:19:50","guid":{"rendered":"http:\/\/www.portverd.com\/?p=1191"},"modified":"2015-07-11T09:19:50","modified_gmt":"2015-07-11T09:19:50","slug":"langzeitmiete-apartment-frei-in-port-verd-mallorca","status":"publish","type":"post","link":"https:\/\/portverd.com\/de\/langzeitmiete-apartment-frei-in-port-verd-mallorca\/","title":{"rendered":"Langzeitmiete Apartment frei in Port Verd Mallorca"},"content":{"rendered":"<div class=\"lazysocialbuttons\" data-float=\"left\" data-buttons=\"google,twitter,facebook\" data-twshareurl=\"https:\/\/portverd.com\/de\/langzeitmiete-apartment-frei-in-port-verd-mallorca\/\" data-twtext=\"\" data-shareurl=\"https:\/\/portverd.com\/de\/langzeitmiete-apartment-frei-in-port-verd-mallorca\/\" data-fbhideflyout=\"false\" data-backgroundtype=\"light\"><\/div><div id=\"panel-657-0-0-1\" class=\"so-panel widget widget_black-studio-tinymce\">\n<div class=\"textwidget\">\n<p class=\"margin\">Apartment im ersten Stockwerk des Geb\u00e4udes, zug\u00e4nglich \u00fcber Treppe oder Aufzug, auch \u00fcber das Stockwerk des Parkhauses.<\/p>\n<p class=\"margin\">Die Wohnung verf\u00fcgt \u00fcber 127 m2, aufgeteilt auf 2 Schlafzimmer und 2 Badezimmer mit Badewanne (1 davon en-suite), ein ger\u00e4umiges Wohn-\/Esszimmer mit offener K\u00fcche mit weiten Fenstern mit wunderbarem Ausblick auf den Swimmingpool, das Blau des Meeres und die komplette Bucht. Die Wohnung bietet Ihnen ebenfalls eine fantastische Balkonterrasse direkt \u00fcber dem Meer, welche die privilegierte Lage der Wohnung voll aussch\u00f6pft und Ihnen zu einer jeden Jahreszeit ausgezeichnete Entspannungsmomente beschert.<\/p>\n<p class=\"margin\">\u00a0Das Apartment wird unm\u00f6bliert vermietet und verf\u00fcgt \u00fcber erstklassige Beschaffenheiten und Annehmlichkeiten. Ihnen stehen alle notwendigen Elektroger\u00e4te zur Verf\u00fcgung: K\u00fcche, Ofen, Mikrowelle, K\u00fchlschrank, Gefrierfach, Waschmaschine, Trockner\u2026 Anschluss f\u00fcr Satelliten-TV auf allen Zimmern. Ebenso sind Klimaanlage (warm\/kalt) auf allen Zimmern, Doppelverglasung und Fensterl\u00e4den in allen Schlafbereichen vorhanden.<\/p>\n<p class=\"margin\">Club Port Verd: Seafront Langzeit Vermietung Wohnung in Port Verd (Mallorca). Seafront Langzeitmiete Wohnung mit Gemeinschaftspool und direktem Zugang zum Meer in Port Verd . Mallorca.<a href=\"https:\/\/www.portverd.com\/wp-content\/uploads\/2015\/05\/1.jpg\"><img loading=\"lazy\" decoding=\"async\" class=\"aligncenter size-full wp-image-1174\" src=\"https:\/\/www.portverd.com\/wp-content\/uploads\/2015\/05\/1.jpg\" alt=\"1\" width=\"1021\" height=\"766\" srcset=\"https:\/\/portverd.com\/wp-content\/uploads\/2015\/05\/1.jpg 1021w, https:\/\/portverd.com\/wp-content\/uploads\/2015\/05\/1-300x225.jpg 300w\" sizes=\"auto, (max-width: 1021px) 100vw, 1021px\" \/><\/a><\/p>\n<\/div>\n<\/div>\n","protected":false},"excerpt":{"rendered":"<p>Apartment im ersten Stockwerk des Geb\u00e4udes, zug\u00e4nglich \u00fcber Treppe oder Aufzug, auch \u00fcber das Stockwerk des Parkhauses. Die Wohnung verf\u00fcgt \u00fcber 127 m2, aufgeteilt auf 2 Schlafzimmer und 2 Badezimmer mit Badewanne (1 davon en-suite), ein ger\u00e4umiges Wohn-\/Esszimmer mit offener K\u00fcche mit weiten Fenstern mit wunderbarem Ausblick auf den Swimmingpool, das Blau des Meeres und &#8230;<\/p>\n","protected":false},"author":1,"featured_media":0,"comment_status":"open","ping_status":"open","sticky":false,"template":"","format":"standard","meta":{"footnotes":""},"categories":[],"tags":[],"class_list":["post-1191","post","type-post","status-publish","format-standard","hentry"],"_links":{"self":[{"href":"https:\/\/portverd.com\/de\/wp-json\/wp\/v2\/posts\/1191","targetHints":{"allow":["GET"]}}],"collection":[{"href":"https:\/\/portverd.com\/de\/wp-json\/wp\/v2\/posts"}],"about":[{"href":"https:\/\/portverd.com\/de\/wp-json\/wp\/v2\/types\/post"}],"author":[{"embeddable":true,"href":"https:\/\/portverd.com\/de\/wp-json\/wp\/v2\/users\/1"}],"replies":[{"embeddable":true,"href":"https:\/\/portverd.com\/de\/wp-json\/wp\/v2\/comments?post=1191"}],"version-history":[{"count":1,"href":"https:\/\/portverd.com\/de\/wp-json\/wp\/v2\/posts\/1191\/revisions"}],"predecessor-version":[{"id":1192,"href":"https:\/\/portverd.com\/de\/wp-json\/wp\/v2\/posts\/1191\/revisions\/1192"}],"wp:attachment":[{"href":"https:\/\/portverd.com\/de\/wp-json\/wp\/v2\/media?parent=1191"}],"wp:term":[{"taxonomy":"category","embeddable":true,"href":"https:\/\/portverd.com\/de\/wp-json\/wp\/v2\/categories?post=1191"},{"taxonomy":"post_tag","embeddable":true,"href":"https:\/\/portverd.com\/de\/wp-json\/wp\/v2\/tags?post=1191"}],"curies":[{"name":"wp","href":"https:\/\/api.w.org\/{rel}","templated":true}]}}