{"id":1090,"date":"2015-02-18T10:35:28","date_gmt":"2015-02-18T10:35:28","guid":{"rendered":"http:\/\/www.portverd.com\/?p=1090"},"modified":"2015-02-18T11:19:01","modified_gmt":"2015-02-18T11:19:01","slug":"langzeitmiete-penthouse-frei-in-port-verd-mallorca","status":"publish","type":"post","link":"https:\/\/portverd.com\/de\/langzeitmiete-penthouse-frei-in-port-verd-mallorca\/","title":{"rendered":"Langzeitmiete Penthouse frei in Port Verd Mallorca"},"content":{"rendered":"<div class=\"lazysocialbuttons\" data-float=\"left\" data-buttons=\"google,twitter,facebook\" data-twshareurl=\"https:\/\/portverd.com\/de\/langzeitmiete-penthouse-frei-in-port-verd-mallorca\/\" data-twtext=\"\" data-shareurl=\"https:\/\/portverd.com\/de\/langzeitmiete-penthouse-frei-in-port-verd-mallorca\/\" data-fbhideflyout=\"false\" data-backgroundtype=\"light\"><\/div><div id=\"panel-663-0-0-1\" class=\"panel widget widget_black-studio-tinymce\">\n<div class=\"textwidget\">\n<div id=\"attachment_808\" style=\"width: 1034px\" class=\"wp-caption aligncenter\"><a href=\"https:\/\/www.portverd.com\/wp-content\/uploads\/2014\/07\/Club-Port-Verd-Penthouse-3.jpg\"><img loading=\"lazy\" decoding=\"async\" aria-describedby=\"caption-attachment-808\" class=\"size-large wp-image-808\" src=\"https:\/\/www.portverd.com\/wp-content\/uploads\/2014\/07\/Club-Port-Verd-Penthouse-3-1024x750.jpg\" alt=\"Langzeitmiete Penthouse Port Verd Mallorca\" width=\"1024\" height=\"750\" srcset=\"https:\/\/portverd.com\/wp-content\/uploads\/2014\/07\/Club-Port-Verd-Penthouse-3-1024x750.jpg 1024w, https:\/\/portverd.com\/wp-content\/uploads\/2014\/07\/Club-Port-Verd-Penthouse-3-300x219.jpg 300w, https:\/\/portverd.com\/wp-content\/uploads\/2014\/07\/Club-Port-Verd-Penthouse-3-1180x864.jpg 1180w\" sizes=\"auto, (max-width: 1024px) 100vw, 1024px\" \/><\/a><p id=\"caption-attachment-808\" class=\"wp-caption-text\">Langzeitmiete Penthouse Port Verd Mallorca<\/p><\/div>\n<p class=\"margin\">Duplex-Apartment im Dachgeschoss des Geb\u00e4udes, zug\u00e4nglich \u00fcber Treppe oder Aufzug, auch \u00fcber das Stockwerk des Parkhauses.<\/p>\n<p class=\"margin\">Die Wohnung verf\u00fcgt \u00fcber 200 m2, aufgeteilt auf 3 Schlafzimmer und 3 Badezimmer mit Dusche en-suite sowie ein ger\u00e4umiges Wohn-\/Esszimmer mit offener K\u00fcche und gro\u00dfz\u00fcgige Balkone mit wunderbarem Ausblick auf das Blau des Meeres und die gesamte Bucht.<\/p>\n<p class=\"margin\">\u00a0Im Dachgeschoss befindet sich eine herrliche Terrasse von mehr als 100 m2, welche das Apartment umrundet und \u00fcber die man Zugang zu der oberen Sonnenterrasse hat. Dort befindet sich eine enorme Terrasse von mehr als 150 m2 mit einem wunderbarem kleinen, multifunktionalen H\u00e4uschen, von wo aus Sie die Zeit genie\u00dfen und beinahe den Himmel ber\u00fchren k\u00f6nnen, so als ob Sie sich in einem Boot inmitten des Ozeans befinden.<\/p>\n<p class=\"margin\">Das Apartment wird unm\u00f6bliert vermietet und verf\u00fcgt \u00fcber erstklassige Beschaffenheiten und Annehmlichkeiten. Ihnen stehen alle notwendigen Elektroger\u00e4te zur Verf\u00fcgung: K\u00fcche, Ofen, Mikrowelle, K\u00fchlschrank, Gefrierfach, Waschmaschine, Trockner. Anschluss f\u00fcr Satelliten-TV auf allen Zimmern. Ebenso sind Klimaanlage (warm\/kalt) auf allen Zimmern, Doppelverglasung und Fensterl\u00e4den in allen Schlafbereichen vorhanden.<\/p>\n<p class=\"margin\">Club Port Verd: Seafront Langzeit Vermietung Wohnung in Port Verd (Mallorca). Seafront Langzeitmiete Wohnung mit Gemeinschaftspool und direktem Zugang zum Meer in Port Verd . Mallorca.<\/p>\n<\/div>\n<\/div>\n","protected":false},"excerpt":{"rendered":"<p>Duplex-Apartment im Dachgeschoss des Geb\u00e4udes, zug\u00e4nglich \u00fcber Treppe oder Aufzug, auch \u00fcber das Stockwerk des Parkhauses. Die Wohnung verf\u00fcgt \u00fcber 200 m2, aufgeteilt auf 3 Schlafzimmer und 3 Badezimmer mit Dusche en-suite sowie ein ger\u00e4umiges Wohn-\/Esszimmer mit offener K\u00fcche und gro\u00dfz\u00fcgige Balkone mit wunderbarem Ausblick auf das Blau des Meeres und die gesamte Bucht. \u00a0Im &#8230;<\/p>\n","protected":false},"author":1,"featured_media":0,"comment_status":"open","ping_status":"open","sticky":false,"template":"","format":"standard","meta":{"footnotes":""},"categories":[108],"tags":[111],"class_list":["post-1090","post","type-post","status-publish","format-standard","hentry","category-frei-apartments","tag-seafront-langzeit-vermietung-wohnung-in-port-verd-mallorca"],"_links":{"self":[{"href":"https:\/\/portverd.com\/de\/wp-json\/wp\/v2\/posts\/1090","targetHints":{"allow":["GET"]}}],"collection":[{"href":"https:\/\/portverd.com\/de\/wp-json\/wp\/v2\/posts"}],"about":[{"href":"https:\/\/portverd.com\/de\/wp-json\/wp\/v2\/types\/post"}],"author":[{"embeddable":true,"href":"https:\/\/portverd.com\/de\/wp-json\/wp\/v2\/users\/1"}],"replies":[{"embeddable":true,"href":"https:\/\/portverd.com\/de\/wp-json\/wp\/v2\/comments?post=1090"}],"version-history":[{"count":1,"href":"https:\/\/portverd.com\/de\/wp-json\/wp\/v2\/posts\/1090\/revisions"}],"predecessor-version":[{"id":1091,"href":"https:\/\/portverd.com\/de\/wp-json\/wp\/v2\/posts\/1090\/revisions\/1091"}],"wp:attachment":[{"href":"https:\/\/portverd.com\/de\/wp-json\/wp\/v2\/media?parent=1090"}],"wp:term":[{"taxonomy":"category","embeddable":true,"href":"https:\/\/portverd.com\/de\/wp-json\/wp\/v2\/categories?post=1090"},{"taxonomy":"post_tag","embeddable":true,"href":"https:\/\/portverd.com\/de\/wp-json\/wp\/v2\/tags?post=1090"}],"curies":[{"name":"wp","href":"https:\/\/api.w.org\/{rel}","templated":true}]}}